{"id":16572,"date":"2024-02-14T02:34:07","date_gmt":"2024-02-14T05:34:07","guid":{"rendered":"https:\/\/astroentrerios.com.ar\/web\/?p=16572"},"modified":"2024-02-17T02:54:31","modified_gmt":"2024-02-17T05:54:31","slug":"ciclo-de-charlas-sobre-meteoritos-y-observacion-lunar-en-el-museo-de-ciencias-naturales-antonio-serrano","status":"publish","type":"post","link":"https:\/\/astroentrerios.com.ar\/web\/ciclo-de-charlas-sobre-meteoritos-y-observacion-lunar-en-el-museo-de-ciencias-naturales-antonio-serrano\/","title":{"rendered":"Ciclo de charlas sobre meteoritos y observaci\u00f3n lunar en el Museo de Ciencias Naturales Antonio Serrano"},"content":{"rendered":"<p><a href=\"https:\/\/astroentrerios.com.ar\/web\/wp-content\/uploads\/2024\/02\/426479296_792247602945871_7578295615191304555_n.jpg\"><img loading=\"lazy\" decoding=\"async\" class=\"aligncenter wp-image-16573 size-full\" src=\"https:\/\/astroentrerios.com.ar\/web\/wp-content\/uploads\/2024\/02\/426479296_792247602945871_7578295615191304555_n.jpg\" alt=\"\" width=\"1080\" height=\"1078\" srcset=\"https:\/\/astroentrerios.com.ar\/web\/wp-content\/uploads\/2024\/02\/426479296_792247602945871_7578295615191304555_n.jpg 1080w, https:\/\/astroentrerios.com.ar\/web\/wp-content\/uploads\/2024\/02\/426479296_792247602945871_7578295615191304555_n-300x300.jpg 300w, https:\/\/astroentrerios.com.ar\/web\/wp-content\/uploads\/2024\/02\/426479296_792247602945871_7578295615191304555_n-1024x1022.jpg 1024w, https:\/\/astroentrerios.com.ar\/web\/wp-content\/uploads\/2024\/02\/426479296_792247602945871_7578295615191304555_n-150x150.jpg 150w, https:\/\/astroentrerios.com.ar\/web\/wp-content\/uploads\/2024\/02\/426479296_792247602945871_7578295615191304555_n-768x767.jpg 768w, https:\/\/astroentrerios.com.ar\/web\/wp-content\/uploads\/2024\/02\/426479296_792247602945871_7578295615191304555_n-210x210.jpg 210w\" sizes=\"auto, (max-width: 1080px) 100vw, 1080px\" \/><\/a><\/p>\n<p>El pr\u00f3ximo d\u00eda Viernes 16 de Febrero desde las 19:30 Hs. en el Museo de Ciencias Naturales Antonio Serrano se dar\u00e1 inicio al ciclo de charlas sobre meteoritos y observaciones lunares.<\/p>\n<p>Esta actividad est\u00e1 organizada conjuntamente por la Secretar\u00eda de Cultura de Entre R\u00edos y la Asociaci\u00f3n Entrerriana de Astronom\u00eda (AEA). Est\u00e1 dirigida a todo p\u00fablico y la entrada es libre y gratuita.<\/p>\n<p><!--more--><\/p>\n<p>La primera de estas charlas ser\u00e1 sobre el Meteorito Berduc, ca\u00eddo en Entre R\u00edos en el a\u00f1o 2008 y estar\u00e1 a cargo de Juan Pablo Sotera, Mariano Peter y Gustavo Blettler.<\/p>\n<p><a href=\"https:\/\/astroentrerios.com.ar\/web\/wp-content\/uploads\/2024\/02\/426374771_792247592945872_4786266139712899586_n.jpg\"><img loading=\"lazy\" decoding=\"async\" class=\"aligncenter wp-image-16575 size-full\" src=\"https:\/\/astroentrerios.com.ar\/web\/wp-content\/uploads\/2024\/02\/426374771_792247592945872_4786266139712899586_n.jpg\" alt=\"\" width=\"1080\" height=\"1078\" srcset=\"https:\/\/astroentrerios.com.ar\/web\/wp-content\/uploads\/2024\/02\/426374771_792247592945872_4786266139712899586_n.jpg 1080w, https:\/\/astroentrerios.com.ar\/web\/wp-content\/uploads\/2024\/02\/426374771_792247592945872_4786266139712899586_n-300x300.jpg 300w, https:\/\/astroentrerios.com.ar\/web\/wp-content\/uploads\/2024\/02\/426374771_792247592945872_4786266139712899586_n-1024x1022.jpg 1024w, https:\/\/astroentrerios.com.ar\/web\/wp-content\/uploads\/2024\/02\/426374771_792247592945872_4786266139712899586_n-150x150.jpg 150w, https:\/\/astroentrerios.com.ar\/web\/wp-content\/uploads\/2024\/02\/426374771_792247592945872_4786266139712899586_n-768x767.jpg 768w, https:\/\/astroentrerios.com.ar\/web\/wp-content\/uploads\/2024\/02\/426374771_792247592945872_4786266139712899586_n-210x210.jpg 210w\" sizes=\"auto, (max-width: 1080px) 100vw, 1080px\" \/><\/a><\/p>\n<p>A continuaci\u00f3n se realizar\u00e1n observaciones telesc\u00f3picas de los cr\u00e1teres lunares en la Plaza Alvear.<\/p>\n<p>Las observaciones telesc\u00f3picas quedan sujetas a las condiciones meteorol\u00f3gicas.<\/p>\n","protected":false},"excerpt":{"rendered":"<p>El pr\u00f3ximo d\u00eda Viernes 16 de Febrero desde las 19:30 Hs. en el Museo de Ciencias Naturales Antonio Serrano se dar\u00e1 inicio al ciclo de charlas sobre meteoritos y observaciones&#8230;<\/p>\n","protected":false},"author":3,"featured_media":0,"comment_status":"open","ping_status":"closed","sticky":false,"template":"","format":"standard","meta":{"footnotes":""},"categories":[27],"tags":[],"class_list":["post-16572","post","type-post","status-publish","format-standard","hentry","category-noticias-de-la-aea"],"_links":{"self":[{"href":"https:\/\/astroentrerios.com.ar\/web\/wp-json\/wp\/v2\/posts\/16572","targetHints":{"allow":["GET"]}}],"collection":[{"href":"https:\/\/astroentrerios.com.ar\/web\/wp-json\/wp\/v2\/posts"}],"about":[{"href":"https:\/\/astroentrerios.com.ar\/web\/wp-json\/wp\/v2\/types\/post"}],"author":[{"embeddable":true,"href":"https:\/\/astroentrerios.com.ar\/web\/wp-json\/wp\/v2\/users\/3"}],"replies":[{"embeddable":true,"href":"https:\/\/astroentrerios.com.ar\/web\/wp-json\/wp\/v2\/comments?post=16572"}],"version-history":[{"count":3,"href":"https:\/\/astroentrerios.com.ar\/web\/wp-json\/wp\/v2\/posts\/16572\/revisions"}],"predecessor-version":[{"id":16578,"href":"https:\/\/astroentrerios.com.ar\/web\/wp-json\/wp\/v2\/posts\/16572\/revisions\/16578"}],"wp:attachment":[{"href":"https:\/\/astroentrerios.com.ar\/web\/wp-json\/wp\/v2\/media?parent=16572"}],"wp:term":[{"taxonomy":"category","embeddable":true,"href":"https:\/\/astroentrerios.com.ar\/web\/wp-json\/wp\/v2\/categories?post=16572"},{"taxonomy":"post_tag","embeddable":true,"href":"https:\/\/astroentrerios.com.ar\/web\/wp-json\/wp\/v2\/tags?post=16572"}],"curies":[{"name":"wp","href":"https:\/\/api.w.org\/{rel}","templated":true}]}}