{"id":14173,"date":"2020-12-20T23:49:50","date_gmt":"2020-12-21T02:49:50","guid":{"rendered":"http:\/\/astroentrerios.com.ar\/web\/?p=14173"},"modified":"2021-01-25T22:46:42","modified_gmt":"2021-01-26T01:46:42","slug":"fotocomposicion-del-eclipse-solar-2020","status":"publish","type":"post","link":"https:\/\/astroentrerios.com.ar\/web\/fotocomposicion-del-eclipse-solar-2020\/","title":{"rendered":"Fotocomposici\u00f3n del eclipse solar 2020"},"content":{"rendered":"<div dir=\"auto\">Nuestro amigo y compa\u00f1ero C\u00e9sar Fornari viaj\u00f3 a la provincia de Neuqu\u00e9n y pudo obtener esta impresionante secuencia fotogr\u00e1fica del eclipse total de Sol el pasado 14\/12\/2020.<\/div>\n<div dir=\"auto\">\n<div class=\"oajrlxb2 g5ia77u1 qu0x051f esr5mh6w e9989ue4 r7d6kgcz rq0escxv nhd2j8a9 nc684nl6 p7hjln8o kvgmc6g5 cxmmr5t8 oygrvhab hcukyx3x jb3vyjys rz4wbd8a qt6c0cv9 a8nywdso i1ao9s8h esuyzwwr f1sip0of lzcic4wl\" tabindex=\"0\" role=\"button\">Felicitaciones C\u00e9sar por este nuevo logro!!!! y muchas gracias por compartir estas im\u00e1genes con todos nosotros.<\/div>\n<div tabindex=\"0\" role=\"button\"><a href=\"http:\/\/astroentrerios.com.ar\/web\/wp-content\/uploads\/2020\/12\/131943620_580267249504161_9212124666979142715_o.jpg\"><img loading=\"lazy\" decoding=\"async\" class=\"aligncenter wp-image-14174 size-full\" src=\"http:\/\/astroentrerios.com.ar\/web\/wp-content\/uploads\/2020\/12\/131943620_580267249504161_9212124666979142715_o.jpg\" alt=\"\" width=\"811\" height=\"540\" srcset=\"https:\/\/astroentrerios.com.ar\/web\/wp-content\/uploads\/2020\/12\/131943620_580267249504161_9212124666979142715_o.jpg 811w, https:\/\/astroentrerios.com.ar\/web\/wp-content\/uploads\/2020\/12\/131943620_580267249504161_9212124666979142715_o-300x200.jpg 300w, https:\/\/astroentrerios.com.ar\/web\/wp-content\/uploads\/2020\/12\/131943620_580267249504161_9212124666979142715_o-768x511.jpg 768w, https:\/\/astroentrerios.com.ar\/web\/wp-content\/uploads\/2020\/12\/131943620_580267249504161_9212124666979142715_o-210x140.jpg 210w\" sizes=\"auto, (max-width: 811px) 100vw, 811px\" \/><\/a><\/div>\n<\/div>\n","protected":false},"excerpt":{"rendered":"<p>Nuestro amigo y compa\u00f1ero C\u00e9sar Fornari viaj\u00f3 a la provincia de Neuqu\u00e9n y pudo obtener esta impresionante secuencia fotogr\u00e1fica del eclipse total de Sol el pasado 14\/12\/2020. Felicitaciones C\u00e9sar por&#8230;<\/p>\n","protected":false},"author":3,"featured_media":0,"comment_status":"open","ping_status":"closed","sticky":false,"template":"","format":"standard","meta":{"footnotes":""},"categories":[16],"tags":[],"class_list":["post-14173","post","type-post","status-publish","format-standard","hentry","category-astrofotografia"],"_links":{"self":[{"href":"https:\/\/astroentrerios.com.ar\/web\/wp-json\/wp\/v2\/posts\/14173","targetHints":{"allow":["GET"]}}],"collection":[{"href":"https:\/\/astroentrerios.com.ar\/web\/wp-json\/wp\/v2\/posts"}],"about":[{"href":"https:\/\/astroentrerios.com.ar\/web\/wp-json\/wp\/v2\/types\/post"}],"author":[{"embeddable":true,"href":"https:\/\/astroentrerios.com.ar\/web\/wp-json\/wp\/v2\/users\/3"}],"replies":[{"embeddable":true,"href":"https:\/\/astroentrerios.com.ar\/web\/wp-json\/wp\/v2\/comments?post=14173"}],"version-history":[{"count":1,"href":"https:\/\/astroentrerios.com.ar\/web\/wp-json\/wp\/v2\/posts\/14173\/revisions"}],"predecessor-version":[{"id":14175,"href":"https:\/\/astroentrerios.com.ar\/web\/wp-json\/wp\/v2\/posts\/14173\/revisions\/14175"}],"wp:attachment":[{"href":"https:\/\/astroentrerios.com.ar\/web\/wp-json\/wp\/v2\/media?parent=14173"}],"wp:term":[{"taxonomy":"category","embeddable":true,"href":"https:\/\/astroentrerios.com.ar\/web\/wp-json\/wp\/v2\/categories?post=14173"},{"taxonomy":"post_tag","embeddable":true,"href":"https:\/\/astroentrerios.com.ar\/web\/wp-json\/wp\/v2\/tags?post=14173"}],"curies":[{"name":"wp","href":"https:\/\/api.w.org\/{rel}","templated":true}]}}